{"id":146,"date":"2025-05-18T10:44:45","date_gmt":"2025-05-18T08:44:45","guid":{"rendered":"https:\/\/cincinnatus.ovh\/?p=146"},"modified":"2025-05-18T10:50:24","modified_gmt":"2025-05-18T08:50:24","slug":"porto-vecchio-entre-detresse-reelle-et-strategie-dinfluence","status":"publish","type":"post","link":"https:\/\/cincinnatus.ovh\/index.php\/2025\/05\/18\/porto-vecchio-entre-detresse-reelle-et-strategie-dinfluence\/","title":{"rendered":"Porto-Vecchio, entre d\u00e9tresse r\u00e9elle et strat\u00e9gie d\u2019influence"},"content":{"rendered":"\n<p class=\"has-text-align-center has-large-font-size\"><strong>Porto-Vecchio, entre d\u00e9tresse r\u00e9elle et strat\u00e9gie d\u2019influence<\/strong><\/p>\n\n\n\n<p class=\"has-medium-font-size\"><strong>Communiqu\u00e9 de la Plateforme Citoyenne de Corse en r\u00e9action \u00e0 la manifestation de Porto-Vecchio :<br><\/strong><\/p>\n\n\n\n<p>La Plateforme Citoyenne de Corse prend acte de la mobilisation de plusieurs centaines de personnes r\u00e9unies \u00e0 Porto-Vecchio \u00e0 l\u2019appel du collectif Uniti p\u00e0 salv\u00e0 a noscia attivit\u00e0. Cette mobilisation traduit une inqui\u00e9tude r\u00e9elle : celle des entrepreneurs, salari\u00e9s et familles confront\u00e9s aux effets conjugu\u00e9s des crises \u00e9conomiques, de l\u2019inflation, du remboursement des Pr\u00eats Garantis par l&#8217;Etat, ou encore d\u2019un acc\u00e8s ralenti \u00e0 la commande publique.<\/p>\n\n\n\n<p>Cette inqui\u00e9tude, l\u00e9gitime en apparence, ne saurait justifier que l\u2019on prenne en otage l\u2019int\u00e9r\u00eat g\u00e9n\u00e9ral sous pr\u00e9texte de sauver l\u2019\u00e9conomie.<\/p>\n\n\n\n<p>Lorsque certains, au nom de la survie de leurs entreprises, appellent \u00e0 une r\u00e9vision anticip\u00e9e du PADDUC (ce document fondamental qui prot\u00e8ge notre territoire contre l\u2019urbanisation sauvage et les d\u00e9rives sp\u00e9culatives), nous devons collectivement rester lucides. Il serait irresponsable de remettre en cause ces garde-fous environnementaux au profit de quelques int\u00e9r\u00eats \u00e0 courte vue.<\/p>\n\n\n\n<p>Nous voyons poindre, derri\u00e8re les appels \u00e0 l\u2019aide, un agenda implicite : celui d\u2019un lobby \u00e9conomique qui tente de se structurer politiquement pour infl\u00e9chir les r\u00e8gles communes \u00e0 son avantage. Ce n\u2019est pas une d\u00e9fense de l\u2019\u00e9conomie r\u00e9elle, c\u2019est une instrumentalisation de la crise pour relancer les vieux r\u00e9flexes de pr\u00e9dation fonci\u00e8re.<\/p>\n\n\n\n<p>La PCC rappelle que le d\u00e9veloppement durable ne peut \u00eatre sacrifi\u00e9 sur l\u2019autel de la conjoncture, et que la responsabilit\u00e9 politique des \u00e9lus pr\u00e9sents \u00e0 cette manifestation est engag\u00e9e. On ne peut, d\u2019un c\u00f4t\u00e9, se dire attach\u00e9 \u00e0 un mod\u00e8le \u00e9quilibr\u00e9 pour la Corse, et de l\u2019autre, soutenir des revendications qui visent \u00e0 d\u00e9tricoter le cadre collectif patiemment construit pour pr\u00e9server notre bien commun.<\/p>\n\n\n\n<p>La Corse a besoin de vision, de justice sociale, de transitions ma\u00eetris\u00e9es \u2014 pas de r\u00e9gressions habill\u00e9es en urgences.<\/p>\n\n\n\n<p><\/p>\n","protected":false},"excerpt":{"rendered":"<p>Porto-Vecchio, entre d\u00e9tresse r\u00e9elle et strat\u00e9gie d\u2019influence Communiqu\u00e9 de la Plateforme Citoyenne de Corse en r\u00e9action \u00e0 la manifestation de Porto-Vecchio : La Plateforme Citoyenne de Corse prend acte de la mobilisation de plusieurs centaines de personnes r\u00e9unies \u00e0 Porto-Vecchio \u00e0 l\u2019appel du collectif Uniti p\u00e0 salv\u00e0 a noscia attivit\u00e0. Cette mobilisation traduit une inqui\u00e9tude [&hellip;]<\/p>\n","protected":false},"author":4,"featured_media":0,"comment_status":"open","ping_status":"open","sticky":false,"template":"","format":"standard","meta":{"footnotes":""},"categories":[1],"tags":[],"class_list":["post-146","post","type-post","status-publish","format-standard","hentry","category-non-classe"],"_links":{"self":[{"href":"https:\/\/cincinnatus.ovh\/index.php\/wp-json\/wp\/v2\/posts\/146","targetHints":{"allow":["GET"]}}],"collection":[{"href":"https:\/\/cincinnatus.ovh\/index.php\/wp-json\/wp\/v2\/posts"}],"about":[{"href":"https:\/\/cincinnatus.ovh\/index.php\/wp-json\/wp\/v2\/types\/post"}],"author":[{"embeddable":true,"href":"https:\/\/cincinnatus.ovh\/index.php\/wp-json\/wp\/v2\/users\/4"}],"replies":[{"embeddable":true,"href":"https:\/\/cincinnatus.ovh\/index.php\/wp-json\/wp\/v2\/comments?post=146"}],"version-history":[{"count":3,"href":"https:\/\/cincinnatus.ovh\/index.php\/wp-json\/wp\/v2\/posts\/146\/revisions"}],"predecessor-version":[{"id":150,"href":"https:\/\/cincinnatus.ovh\/index.php\/wp-json\/wp\/v2\/posts\/146\/revisions\/150"}],"wp:attachment":[{"href":"https:\/\/cincinnatus.ovh\/index.php\/wp-json\/wp\/v2\/media?parent=146"}],"wp:term":[{"taxonomy":"category","embeddable":true,"href":"https:\/\/cincinnatus.ovh\/index.php\/wp-json\/wp\/v2\/categories?post=146"},{"taxonomy":"post_tag","embeddable":true,"href":"https:\/\/cincinnatus.ovh\/index.php\/wp-json\/wp\/v2\/tags?post=146"}],"curies":[{"name":"wp","href":"https:\/\/api.w.org\/{rel}","templated":true}]}}