{"id":157,"date":"2025-09-27T15:45:11","date_gmt":"2025-09-27T13:45:11","guid":{"rendered":"https:\/\/cincinnatus.ovh\/?p=157"},"modified":"2025-09-27T16:11:36","modified_gmt":"2025-09-27T14:11:36","slug":"coordination-anti-mafia-durable-et-large","status":"publish","type":"post","link":"https:\/\/cincinnatus.ovh\/index.php\/2025\/09\/27\/coordination-anti-mafia-durable-et-large\/","title":{"rendered":"Coordination Anti-Mafia, durable et large"},"content":{"rendered":"\n<div class=\"wp-block-columns is-layout-flex wp-container-core-columns-is-layout-9d6595d7 wp-block-columns-is-layout-flex\">\n<div class=\"wp-block-column is-layout-flow wp-block-column-is-layout-flow\" style=\"flex-basis:66.66%\">\n<figure class=\"wp-block-image size-full\"><img loading=\"lazy\" decoding=\"async\" width=\"476\" height=\"178\" src=\"https:\/\/cincinnatus.ovh\/wp-content\/uploads\/2025\/09\/logo-1.png\" alt=\"\" class=\"wp-image-163\" srcset=\"https:\/\/cincinnatus.ovh\/wp-content\/uploads\/2025\/09\/logo-1.png 476w, https:\/\/cincinnatus.ovh\/wp-content\/uploads\/2025\/09\/logo-1-300x112.png 300w\" sizes=\"auto, (max-width: 476px) 100vw, 476px\" \/><\/figure>\n<\/div>\n\n\n\n<div class=\"wp-block-column is-layout-flow wp-block-column-is-layout-flow\" style=\"flex-basis:33.33%\"><\/div>\n<\/div>\n\n\n\n<p class=\"has-text-align-center\"><br><strong>Communiqu\u00e9 de la Plateforme Citoyenne de Corse<\/strong><\/p>\n\n\n\n<p><br><em>\u00ab S\u2019il n\u2019y avait pas les collectifs, ils (les policiers) ne seraient jamais venus nous chercher, ils sont oblig\u00e9s de r\u00e9pondre \u00e0 l\u2019opinion.<br>Quand on crie tous les jours \u201cla mafia, la mafia, il faut saisir leurs biens, comme en Italie, il faut faire des lois\u201d\u2026 Ils viennent chez les voyous (or) c\u2019est nous les voyous, \u00e7a c\u2019est vrai. \u00bb<\/em><br><\/p>\n\n\n\n<p>Cette phrase, issue d\u2019un enregistrement attribu\u00e9 \u00e0 Jacques Santoni (cit\u00e9e par Le Monde, 30 mars 2021, reprise par les collectifs anti-mafia et par des documents de l\u2019\u00c9cole nationale de la magistrature), est capitale.<br>Elle confirme ce que nous savons : la soci\u00e9t\u00e9 civile, lorsqu\u2019elle se mobilise, peut faire bouger les lignes et contraindre les institutions \u00e0 agir.<br>C\u2019est la preuve que la pression de l\u2019opinion publique fonctionne.<br>Et c\u2019est la raison pour laquelle nous avons d\u00e9cid\u00e9 de mettre en place une coordination antimafia d\u00e9termin\u00e9e, durable et large.<br>Pourquoi cette d\u00e9marche ?<br>Parce que la mafia ne se r\u00e9sume pas \u00e0 des faits divers ou \u00e0 quelques r\u00e8glements de comptes. Elle infiltre :<br>L\u2019\u00e9conomie (racket, contr\u00f4le des march\u00e9s publics, BTP, tourisme),<br>Le foncier et l\u2019agriculture (spoliation, sp\u00e9culation, accaparement),<br>La politique locale (client\u00e9lisme, tractations municipales sous influence).<br>Les entreprises et le monde agricole sont les premi\u00e8res cibles : il faut les prot\u00e9ger en les associant pleinement \u00e0 la r\u00e9sistance collective.<br>Dans \u00ab De quoi la mafia est-elle le nom\u00bb  , Sampiero Sanguinetti rappelle que la mafia corse n\u2019est pas une pyramide \u00e0 la sicilienne, mais une mosa\u00efque de bandes criminelles (pr\u00e8s de 20 selon le rapport du SIRASCO), couvrant tout le territoire et exer\u00e7ant une influence politique consid\u00e9rable.<br>Il souligne le danger de banaliser le mot \u00ab mafia \u00bb, et insiste sur la n\u00e9cessit\u00e9 de nommer pr\u00e9cis\u00e9ment les pratiques pour mieux les combattre.<br>Les enseignements siciliens de Giovanni Falcone \u00e0 Paolo Borsellino, de Santino aux mouvements citoyens, la Sicile nous enseigne que :<br>La mafia est un syst\u00e8me de pouvoir, pas seulement une criminalit\u00e9,<br>Elle prosp\u00e8re dans la zone grise, l\u00e0 o\u00f9 se croisent crime, \u00e9conomie l\u00e9gale et politique,<br>Elle ne recule que devant une triple alliance : justice forte, volont\u00e9 politique claire, mobilisation citoyenne et \u00e9conomique.<\/p>\n\n\n\n<p><br><strong>L\u2019attente des Corses<\/strong><br>Les Corses attendent une justice pr\u00e9sente, forte, ind\u00e9pendante.<br>La coordination que nous construisons doit \u00eatre un soutien r\u00e9solu \u00e0 son action, car seule une justice d\u00e9termin\u00e9e peut briser le syst\u00e8me mafieux.<\/p>\n\n\n\n<p><br><strong>R\u00e9union de Corte \u2013 20 septembre 2025<\/strong><br>Une r\u00e9union fondatrice, qui a eu lieu \u00e0  Corte le 20 septembre 2025, a r\u00e9uni :<br>Les deux collectifs antimafia,<br>Les associations U Levante, La Plateforme Citoyenne de Corse, Le Garde, Anticor, Si Po Fa,<br>Le syndicat agricole Via Campagnola, dont le pr\u00e9sident Pierre Alessandri a \u00e9t\u00e9 assassin\u00e9 en mars 2025.<br>Cette r\u00e9union a confirm\u00e9 la volont\u00e9 d\u2019une coordination ouverte et durable, appel\u00e9e \u00e0 s\u2019\u00e9largir le plus possible.<br><br><strong>Prochaine \u00e9tape : conf\u00e9rence de presse \u00e0 Bastia<\/strong><br>Il a \u00e9t\u00e9 d\u00e9cid\u00e9 l\u2019organisation d\u2019une conf\u00e9rence de presse :<br>Bastia \u2013 Place Saint-Nicolas<br>Samedi 4 octobre 2025 \u2013 10h<br>La coordination appelle \u00e0 la plus large participation possible.<br>Il est essentiel que les Corses montrent, par leur pr\u00e9sence, que la soci\u00e9t\u00e9 civile, le monde associatif, les entreprises et les agriculteurs refusent l\u2019emprise mafieuse et choisissent l\u2019unit\u00e9.<br><br><strong>Notre engagement<\/strong><br>La Plateforme Citoyenne de Corse affirme son engagement dans la mise en place de cette coordination.<br>Parce qu\u2019il n\u2019y a pas de fatalit\u00e9.<br>Parce que nous avons la preuve que la pression de la soci\u00e9t\u00e9 civile fonctionne.<br>Parce qu\u2019il est temps de d\u00e9montrer que, face aux bandes et \u00e0 leurs complices, la voix du peuple uni p\u00e8se plus fort que le d\u00e9ni et la peur.<br>Ensemble nous ferons front<\/p>\n","protected":false},"excerpt":{"rendered":"<p>Communiqu\u00e9 de la Plateforme Citoyenne de Corse \u00ab S\u2019il n\u2019y avait pas les collectifs, ils (les policiers) ne seraient jamais venus nous chercher, ils sont oblig\u00e9s de r\u00e9pondre \u00e0 l\u2019opinion.Quand on crie tous les jours \u201cla mafia, la mafia, il faut saisir leurs biens, comme en Italie, il faut faire des lois\u201d\u2026 Ils viennent chez [&hellip;]<\/p>\n","protected":false},"author":1,"featured_media":0,"comment_status":"open","ping_status":"open","sticky":false,"template":"","format":"standard","meta":{"footnotes":""},"categories":[1],"tags":[],"class_list":["post-157","post","type-post","status-publish","format-standard","hentry","category-non-classe"],"_links":{"self":[{"href":"https:\/\/cincinnatus.ovh\/index.php\/wp-json\/wp\/v2\/posts\/157","targetHints":{"allow":["GET"]}}],"collection":[{"href":"https:\/\/cincinnatus.ovh\/index.php\/wp-json\/wp\/v2\/posts"}],"about":[{"href":"https:\/\/cincinnatus.ovh\/index.php\/wp-json\/wp\/v2\/types\/post"}],"author":[{"embeddable":true,"href":"https:\/\/cincinnatus.ovh\/index.php\/wp-json\/wp\/v2\/users\/1"}],"replies":[{"embeddable":true,"href":"https:\/\/cincinnatus.ovh\/index.php\/wp-json\/wp\/v2\/comments?post=157"}],"version-history":[{"count":2,"href":"https:\/\/cincinnatus.ovh\/index.php\/wp-json\/wp\/v2\/posts\/157\/revisions"}],"predecessor-version":[{"id":164,"href":"https:\/\/cincinnatus.ovh\/index.php\/wp-json\/wp\/v2\/posts\/157\/revisions\/164"}],"wp:attachment":[{"href":"https:\/\/cincinnatus.ovh\/index.php\/wp-json\/wp\/v2\/media?parent=157"}],"wp:term":[{"taxonomy":"category","embeddable":true,"href":"https:\/\/cincinnatus.ovh\/index.php\/wp-json\/wp\/v2\/categories?post=157"},{"taxonomy":"post_tag","embeddable":true,"href":"https:\/\/cincinnatus.ovh\/index.php\/wp-json\/wp\/v2\/tags?post=157"}],"curies":[{"name":"wp","href":"https:\/\/api.w.org\/{rel}","templated":true}]}}